{"id":127,"date":"2011-09-05T17:05:00","date_gmt":"2011-09-05T17:05:00","guid":{"rendered":"http:\/\/www.letrasdesatendidas.com.ar\/?post_type=portfolio&#038;p=127"},"modified":"2015-10-04T16:58:36","modified_gmt":"2015-10-04T16:58:36","slug":"%e2%80%9chablar-de-uno-mismo-es-una-de-las-pelotudeces-mas-lindas-que-hay%e2%80%9d","status":"publish","type":"post","link":"https:\/\/www.letrasdesatendidas.com.ar\/?p=127","title":{"rendered":"\u201cHablar de uno mismo es una de las pelotudeces m\u00e1s lindas que hay\u201d"},"content":{"rendered":"<p><a class=\"twitter-share-button\" href=\"https:\/\/twitter.com\/share\" data-url=\"http:\/\/www.letrasdesatendidas.com.ar\/?portfolio=%e2%80%9chablar-de-uno-mismo-es-una-de-las-pelotudeces-mas-lindas-que-hay%e2%80%9d\" data-via=\"LetrasDes\">Tweet<\/a><br \/>\n<script>\/\/ <![CDATA[\n!function(d,s,id){var js,fjs=d.getElementsByTagName(s)[0];if(!d.getElementById(id)){js=d.createElement(s);js.id=id;js.src=\"\/\/platform.twitter.com\/widgets.js\";fjs.parentNode.insertBefore(js,fjs);}}(document,\"script\",\"twitter-wjs\");\n\/\/ ]]><\/script><\/p>\n<p style=\"text-align: right;\"><strong>Gato Urbanski<\/strong><\/p>\n<p style=\"text-align: right;\"><strong>Jun\u00edn y Vicente L\u00f3pez, Ciudad de Buenos Aires<\/strong><\/p>\n<p style=\"text-align: justify;\">Vamos caminando por la calle Jun\u00edn, llegando a Vicente L\u00f3pez , y un par de parlantes y una caja que contiene CDs se aparecen ante nuestros pasos. Alg\u00fan que otro instrumento apoyado contra los equipos, y un talonario de panfletos que se titulan \u201cAQUAL\u00c1CTICA\u201d, explican que se trata de un grupo de cuerdas integrado por una familia. Y de repente nos invade la sensaci\u00f3n de que atr\u00e1s de todos esos elementos se puede esconder una historia\u2026<\/p>\n<p style=\"text-align: justify;\">Sin darnos cuenta aparece un se\u00f1or de unos cincuenta y pico de a\u00f1os, cuyo aspecto merece adjetivarse con la palabra \u201cartista\u201d. Nos presentamos, y al principio se niega a una posible charla por estar muy cansado. \u201cY eso que hablar de uno mismo es una de las pelotudeces m\u00e1s lindas que hay, pero hoy no chicos\u201d, nos dice. Realmente no s\u00e9 c\u00f3mo fue, pero a los pocos minutos ya est\u00e1bamos sentados en un banco que se encontraba a un par de metros, exactamente pegado a la pared del Cementerio de la Recoleta.<\/p>\n<p style=\"text-align: justify;\">Gato Urbanski es el padre de la familia de m\u00fasicos descripta en los panfletos. Tiene 53 a\u00f1os, y dice seguir siendo un adolescente. Sin embargo, en seguida se justifica tomando un argumento de los mayas que sosten\u00edan que la adolescencia del hombre duraba hasta los 52, por lo que \u00e9l reci\u00e9n est\u00e1 atravesando esa transici\u00f3n. Ante la pregunta de hace cu\u00e1nto lo apodan de esa manera, responde con picard\u00eda: \u201cUn momento, no soy un gato eh\u201d.<\/p>\n<p style=\"text-align: justify;\">Sin dar mayores precisiones, nos cuenta que naci\u00f3 en Buenos Aires en un sanatorio. Durante su infancia viv\u00eda en Olivos. \u201cEn ese momento hab\u00eda gallineros, terrenos, y hasta el lechero iba a caballo\u201d, nos cuenta para contextualizar c\u00f3mo era el barrio cuando \u00e9l ten\u00eda 5 a\u00f1os. Despu\u00e9s de algunos comentarios en referencia a que hoy Olivos hasta parece una ciudad, Gato menea la cabeza y expresa: \u201cLa humanidad\u2026 el hombre es tremendo\u201d.<\/p>\n<p style=\"text-align: justify;\">Sol\u00eda vivir con su mam\u00e1, su pap\u00e1, una hermana y un hermano. \u00c9l era el m\u00e1s chico. Nos cuenta que era una familia de m\u00fasicos cl\u00e1sicos: madre arpista y padre violinista, y su abuelo paterno tocaba \u201ctodos los ca\u00f1os\u201d: flauta, corno ingl\u00e9s, oboe, etc. Nos cuenta que el abuelo en su momento le dijo a su padre que tocara el viol\u00edn en lugar de instrumentos de viento, para as\u00ed poder tocar hasta cuando estuviera atravesando la vejez. Y as\u00ed fue que su padre opt\u00f3 por el viol\u00edn. Y as\u00ed fue tambi\u00e9n que hoy Gato tambi\u00e9n toca el viol\u00edn.<\/p>\n<p style=\"text-align: justify;\"><img loading=\"lazy\" decoding=\"async\" class=\"alignleft size-medium wp-image-123\" title=\"Aqualactica\" src=\"http:\/\/www.letrasdesatendidas.com.ar\/wp-content\/uploads\/2011\/09\/DSC_7920-264x300.jpg\" alt=\"\" width=\"264\" height=\"300\" srcset=\"https:\/\/www.letrasdesatendidas.com.ar\/wp-content\/uploads\/2011\/09\/DSC_7920-264x300.jpg 264w, https:\/\/www.letrasdesatendidas.com.ar\/wp-content\/uploads\/2011\/09\/DSC_7920-903x1024.jpg 903w, https:\/\/www.letrasdesatendidas.com.ar\/wp-content\/uploads\/2011\/09\/DSC_7920-630x714.jpg 630w\" sizes=\"auto, (max-width: 264px) 100vw, 264px\" \/>Gato habla sereno, pero no necesariamente lento. Mientras va contando su vida, cada tanto sus ojos celestes se desv\u00edan para mirar a sus hijos que est\u00e1n tocando en frente nuestro\u2026 \u201cAprendieron m\u00fasica por \u00f3smosis\u201d, expresa.<\/p>\n<p style=\"text-align: justify;\">Agarr\u00f3 un viol\u00edn por primera vez a los cuatro a\u00f1os de edad. Dice haber tenido una \u201ccarrera feroz\u201d tocando aquel instrumento, y con orgullo nos nombra a quienes fueron sus maestros, citando nombres complicados que seguramente tendr\u00edan alg\u00fan origen ruso, o algo por el estilo. \u201cAmo la m\u00fasica, pero la odiaba como profesi\u00f3n\u201d, nos cuenta. Se consagr\u00f3 en la Camerata Bariloche, en la cual particip\u00f3 en los a\u00f1os 1981, 1982 y 1983. \u201cA la Camerata la adoro, la respeto, pero no era para m\u00ed\u201d, nos dice.<\/p>\n<p style=\"text-align: justify;\">Hasta aqu\u00ed parece que Gato fuera un m\u00fasico m\u00e1s de un clan de artistas. Sin embargo, \u00e9l mismo se define como una \u201coveja negra\u201d.<\/p>\n<p style=\"text-align: justify;\">\u201cSiempre envidi\u00e9 a mis amigos que tocaban la guitarra porque pod\u00edan componer\u201d, nos cuenta y explica que con el viol\u00edn lo \u00fanico que se puede hacer es interpretar\u2026 hasta que se anim\u00f3 a trasgredir. Ya m\u00e1s de grande, Gato se atrevi\u00f3 a tomar el viol\u00edn como si fuera una guitarra y comenz\u00f3 a componer.<\/p>\n<p style=\"text-align: justify;\">Adem\u00e1s, su talento como m\u00fasico se extendi\u00f3 hacia el estudio de la luter\u00eda, sin embargo, tambi\u00e9n se rebel\u00f3 a eso. Nos explica que las curvas de los instrumentos son \u201cconductoras\u201d de sonido, mientras que las terminaciones rectas son \u201cacumuladoras\u201d. Gato eligi\u00f3 los \u00e1ngulos y registr\u00f3 su propia marca de instrumentos musicales llamada \u201cUrban Strings\u201d.<\/p>\n<p style=\"text-align: justify;\">Se\u00f1ala los instrumentos que est\u00e1n usando los hijos para poder describir el tipo de sonido que producen, e inmediatamente lo compar<img loading=\"lazy\" decoding=\"async\" class=\"size-medium wp-image-125 alignright\" title=\"Instrumentos rectos\" src=\"http:\/\/www.letrasdesatendidas.com.ar\/wp-content\/uploads\/2011\/09\/DSC_7940-202x300.jpg\" alt=\"\" width=\"202\" height=\"300\" srcset=\"https:\/\/www.letrasdesatendidas.com.ar\/wp-content\/uploads\/2011\/09\/DSC_7940-202x300.jpg 202w, https:\/\/www.letrasdesatendidas.com.ar\/wp-content\/uploads\/2011\/09\/DSC_7940-692x1024.jpg 692w, https:\/\/www.letrasdesatendidas.com.ar\/wp-content\/uploads\/2011\/09\/DSC_7940-630x931.jpg 630w, https:\/\/www.letrasdesatendidas.com.ar\/wp-content\/uploads\/2011\/09\/DSC_7940.jpg 1971w\" sizes=\"auto, (max-width: 202px) 100vw, 202px\" \/>a con los violines el\u00e9ctricos que, seg\u00fan dice, \u201cson muy pedorros\u201d. Hoy varios m\u00fasicos, como Peteco Carabajal por ejemplo, tocan con los instrumentos de su marca. \u201cCon humildad lo digo\u2026\u201d, expresa, pero Diego cuestiona con alg\u00fan comentario ir\u00f3nico, y Gato con una sonrisa contesta: \u201cEs verdad, \u00a1me importa un carajo!\u201d.<\/p>\n<p style=\"text-align: justify;\">Gato est\u00e1 sentado muy c\u00f3modo en el banco. La pierna izquierda siempre cruzada sobre la derecha, su brazo izquierdo se apoya sobre el respaldo del asiento, extendi\u00e9ndose por atr\u00e1s de mi espalda. De repente, le suena un mensaje de texto de su tel\u00e9fono, lo toma de su bolsillo, se sienta m\u00e1s erguido, y haciendo un leve esfuerzo con los ojos, aleja el celular un poco para lograr leer bien la pantalla.<\/p>\n<p style=\"text-align: justify;\">En 1983 cuando su ex mujer, Yasmine, qued\u00f3 embarazada, se fueron a vivir al Bols\u00f3n. All\u00ed, Gato dej\u00f3 de tocar durante tres a\u00f1os y se dedic\u00f3 a trabajar la madera e incluso construy\u00f3 su casa. Vivieron algunos a\u00f1os en el sur hasta que su padre se enferm\u00f3 y su mam\u00e1 necesitaba ayuda, por lo que decidi\u00f3 volver a Buenos Aires.<\/p>\n<p style=\"text-align: justify;\">Ya hacen 10 a\u00f1os desde que el juez le dio la tenencia para que sus hijos vivan con \u00e9l, aunque ahora est\u00e1n viviendo un momento de cambios, ya que todos se independizaron. Niega sentirse solo, y de hecho expresa que hasta necesitaba un poco de soledad. \u201cLos cri\u00f3 la mam\u00e1, la mejor mam\u00e1 del mundo\u201d, dice Gato en referencia a Yasmine, y agrega que por la forma en que fueron educados sus hijos, hoy pueden enfrentarse a situaciones dif\u00edciles, relacionarse, y que tienen una \u201csabidur\u00eda intr\u00ednseca\u201d de la cual aprende constantemente.<\/p>\n<p style=\"text-align: justify;\">Risco, Mizar, Jaspe y Nagual son los nombres que eligi\u00f3 Gato para sus hijos. Nos va explicando los significados uno a uno, que se deben a estrellas, lugar en el que nacieron, referencia a libros\u2026 En cuanto a esto \u00faltimo, nombra el libro \u201cLas ense\u00f1anzas de Don Juan\u201d de Carlos Castaneda, y en seguida nos miramos con Diego sin poder creerlo. Hace unas semanas, Julio (personaje de este blog en \u201cEl viento es viejo pero sigue soplando\u201d), tambi\u00e9n nos nombr\u00f3 esa obra con mucho entusiasmo.<\/p>\n<p style=\"text-align: justify;\">Gato form\u00f3 el grupo musical con sus hijos en el a\u00f1o 2005, despu\u00e9s de cerrar la Escuela Zenerata en la que fue maestro de instrumentos de todas las cuerdas durante 15 a\u00f1os. \u201cMe cagan a pedos por cualquier cosa\u201d, dice con una sonrisa, refiri\u00e9ndose a sus hijos, y agrega: \u201cponen las cosas en igualdad, y me parece perfecto porque aprendo a contemplar cosas que solo no ver\u00eda\u201d.<\/p>\n<p style=\"text-align: justify;\"><img loading=\"lazy\" decoding=\"async\" class=\"alignleft size-large wp-image-126\" title=\"Gato y sus hijos\" src=\"http:\/\/www.letrasdesatendidas.com.ar\/wp-content\/uploads\/2011\/09\/DSC_7943-1024x692.jpg\" alt=\"\" width=\"640\" height=\"432\" srcset=\"https:\/\/www.letrasdesatendidas.com.ar\/wp-content\/uploads\/2011\/09\/DSC_7943-1024x692.jpg 1024w, https:\/\/www.letrasdesatendidas.com.ar\/wp-content\/uploads\/2011\/09\/DSC_7943-300x202.jpg 300w, https:\/\/www.letrasdesatendidas.com.ar\/wp-content\/uploads\/2011\/09\/DSC_7943-630x425.jpg 630w\" sizes=\"auto, (max-width: 640px) 100vw, 640px\" \/>Ya tienen dos cds grabados, y ahora est\u00e1n trabajando sobre el tercero y el cuarto. Nos cuenta que este \u00faltimo va a tener un estilo muy \u201cimpro, tipo Pink Floyd\u2026 como para fumarse un ca\u00f1o a la noche\u201d. Ante este comentario Diego no duda en preguntarle por el prejuicio que existe sobre la relaci\u00f3n que hay entre la inspiraci\u00f3n de un m\u00fasico y la droga. \u201cEl churro es un aliado\u201d, contesta Gato con total naturalidad. Argumenta que puede escribir sin consumir, pero agrega: \u201ccomo usuario me sirve para abordar, inspirarme, contemplar\u2026 abrir puertas\u201d.<\/p>\n<p style=\"text-align: justify;\">Mientras habla, va se\u00f1alando al aire con el dedo \u00edndice como para dar m\u00e1s \u00e9nfasis a determinadas palabras. Reconoce que hay otros m\u00e9todos de relajaci\u00f3n como la yoga, pero que le da fiaca. Le encanta el tai chi, pero expresa que no le alcanza la vida para hacer tantas cosas. \u201cNo tengo la voluntad para hacerlo, y la voluntad que tengo prefiero dedicarla a la m\u00fasica\u201d, nos cuenta.<\/p>\n<p style=\"text-align: justify;\">No cree en la pol\u00edtica y, mientras lo confiesa, se acerca el hijo para pedirle las llaves del auto porque ya se hace de noche y tienen que ir guardando todo. \u201cEst\u00e1n puestas\u201d, responde Gato con absoluta cautela.<\/p>\n<p style=\"text-align: justify;\"><img loading=\"lazy\" decoding=\"async\" class=\"alignleft size-medium wp-image-122\" title=\"Gato Urbanski\" src=\"http:\/\/www.letrasdesatendidas.com.ar\/wp-content\/uploads\/2011\/09\/DSC_7912-202x300.jpg\" alt=\"\" width=\"202\" height=\"300\" srcset=\"https:\/\/www.letrasdesatendidas.com.ar\/wp-content\/uploads\/2011\/09\/DSC_7912-202x300.jpg 202w, https:\/\/www.letrasdesatendidas.com.ar\/wp-content\/uploads\/2011\/09\/DSC_7912-692x1024.jpg 692w, https:\/\/www.letrasdesatendidas.com.ar\/wp-content\/uploads\/2011\/09\/DSC_7912-630x931.jpg 630w, https:\/\/www.letrasdesatendidas.com.ar\/wp-content\/uploads\/2011\/09\/DSC_7912.jpg 1967w\" sizes=\"auto, (max-width: 202px) 100vw, 202px\" \/>Retoma su declaraci\u00f3n y dice que vot\u00f3 para no sumar al desastre. \u201cAunque al desastre hay que dejarlo ser porque provoca lo bueno que va a venir despu\u00e9s\u201d, reflexiona. Est\u00e1 convencido de que lo malo es una oportunidad para superarse, y que es la mente de uno mismo la que construye la realidad. En cuanto a los \u201cachaque de la edad y las dolencias\u201d, asegura que las controla mentalmente sin haber estudiado nada. \u201cEst\u00e1s ac\u00e1 hermano, por algo est\u00e1s\u201d, dice.<\/p>\n<p style=\"text-align: justify;\">\u201cEstamos anestesiados para vivir con\u2026 perd\u00f3n, PARA el sistema\u201d, sostiene, y agrega convencido que todos somos capaces de hacer milagros, pero que estamos \u201caplastados\u201d.<\/p>\n<p style=\"text-align: justify;\">La m\u00fasica ya se acab\u00f3, los instrumentos est\u00e1n en las fundas y los equipos de audio guardados en el auto. Se acercan los hijos y, con la satisfacci\u00f3n del trabajo cumplido, proceden a hacer un \u201cautopago\u201d al tomar plata de la billetera de su pap\u00e1. \u201cLleg\u00f3 la hora\u201d, nos dice Gato mientras se levanta del banco. Le recuerda a Diego que le tiene que ense\u00f1ar a usar LinkedIn para promocionar el grupo, y antes de despedirse por completo, levanta el pu\u00f1o y expresa: \u201c\u00a1Viva la rebeld\u00eda!\u201d<\/p>\n<p style=\"text-align: justify;\">Nosotros nos quedamos sentados, y vemos c\u00f3mo se van alejando el padre, los hijos, los instrumentos, y el talento\u2026<\/p>\n<p style=\"text-align: justify;\">\n<p><a class=\"twitter-share-button\" href=\"https:\/\/twitter.com\/share\" data-url=\"http:\/\/www.letrasdesatendidas.com.ar\/?portfolio=%e2%80%9chablar-de-uno-mismo-es-una-de-las-pelotudeces-mas-lindas-que-hay%e2%80%9d\" data-via=\"LetrasDes\">Tweet<\/a><br \/>\n<script>\/\/ <![CDATA[\n!function(d,s,id){var js,fjs=d.getElementsByTagName(s)[0];if(!d.getElementById(id)){js=d.createElement(s);js.id=id;js.src=\"\/\/platform.twitter.com\/widgets.js\";fjs.parentNode.insertBefore(js,fjs);}}(document,\"script\",\"twitter-wjs\");\n\/\/ ]]><\/script><\/p>\n","protected":false},"excerpt":{"rendered":"<p>Tweet Gato Urbanski Jun\u00edn y Vicente L\u00f3pez, Ciudad de Buenos Aires Vamos caminando por la calle Jun\u00edn, llegando a Vicente L\u00f3pez , y un par de parlantes y una caja que contiene CDs se aparecen ante nuestros pasos. Alg\u00fan que otro instrumento apoyado contra los equipos, y un talonario de panfletos que se titulan \u201cAQUAL\u00c1CTICA\u201d, [&hellip;]<\/p>\n","protected":false},"author":1,"featured_media":124,"comment_status":"open","ping_status":"closed","sticky":false,"template":"","format":"standard","meta":{"footnotes":""},"categories":[1],"tags":[],"class_list":["post-127","post","type-post","status-publish","format-standard","has-post-thumbnail","hentry","category-sin-categoria"],"_links":{"self":[{"href":"https:\/\/www.letrasdesatendidas.com.ar\/index.php?rest_route=\/wp\/v2\/posts\/127","targetHints":{"allow":["GET"]}}],"collection":[{"href":"https:\/\/www.letrasdesatendidas.com.ar\/index.php?rest_route=\/wp\/v2\/posts"}],"about":[{"href":"https:\/\/www.letrasdesatendidas.com.ar\/index.php?rest_route=\/wp\/v2\/types\/post"}],"author":[{"embeddable":true,"href":"https:\/\/www.letrasdesatendidas.com.ar\/index.php?rest_route=\/wp\/v2\/users\/1"}],"replies":[{"embeddable":true,"href":"https:\/\/www.letrasdesatendidas.com.ar\/index.php?rest_route=%2Fwp%2Fv2%2Fcomments&post=127"}],"version-history":[{"count":3,"href":"https:\/\/www.letrasdesatendidas.com.ar\/index.php?rest_route=\/wp\/v2\/posts\/127\/revisions"}],"predecessor-version":[{"id":1069,"href":"https:\/\/www.letrasdesatendidas.com.ar\/index.php?rest_route=\/wp\/v2\/posts\/127\/revisions\/1069"}],"wp:featuredmedia":[{"embeddable":true,"href":"https:\/\/www.letrasdesatendidas.com.ar\/index.php?rest_route=\/wp\/v2\/media\/124"}],"wp:attachment":[{"href":"https:\/\/www.letrasdesatendidas.com.ar\/index.php?rest_route=%2Fwp%2Fv2%2Fmedia&parent=127"}],"wp:term":[{"taxonomy":"category","embeddable":true,"href":"https:\/\/www.letrasdesatendidas.com.ar\/index.php?rest_route=%2Fwp%2Fv2%2Fcategories&post=127"},{"taxonomy":"post_tag","embeddable":true,"href":"https:\/\/www.letrasdesatendidas.com.ar\/index.php?rest_route=%2Fwp%2Fv2%2Ftags&post=127"}],"curies":[{"name":"wp","href":"https:\/\/api.w.org\/{rel}","templated":true}]}}