{"id":775,"date":"2014-03-29T16:46:52","date_gmt":"2014-03-29T16:46:52","guid":{"rendered":"http:\/\/www.letrasdesatendidas.com.ar\/?post_type=portfolio&#038;p=775"},"modified":"2015-12-10T23:19:54","modified_gmt":"2015-12-10T23:19:54","slug":"las-cosas-en-vez-de-tener-un-por-que-tienen-un-para-que","status":"publish","type":"post","link":"https:\/\/www.letrasdesatendidas.com.ar\/?p=775","title":{"rendered":"\u00abLas cosas en vez de tener un por qu\u00e9, tienen un para qu\u00e9\u201d"},"content":{"rendered":"<p><a class=\"twitter-share-button\" href=\"https:\/\/twitter.com\/share\" data-url=\"http:\/\/www.letrasdesatendidas.com.ar\/?portfolio=las-cosas-en-vez-de-tener-un-por-que-tienen-un-para-que\" data-via=\"LetrasDes\">Tweet<\/a><br \/>\n<script>\/\/ <![CDATA[\n!function(d,s,id){var js,fjs=d.getElementsByTagName(s)[0],p=\/^http:\/.test(d.location)?'http':'https';if(!d.getElementById(id)){js=d.createElement(s);js.id=id;js.src=p+':\/\/platform.twitter.com\/widgets.js';fjs.parentNode.insertBefore(js,fjs);}}(document, 'script', 'twitter-wjs');\n\/\/ ]]><\/script><\/p>\n<p style=\"text-align: right;\"><strong>Marcelo Tomasini<\/strong><\/p>\n<p style=\"text-align: right;\"><strong>Paran\u00e1 y el R\u00edo, Mart\u00ednez<\/strong><\/p>\n<p style=\"text-align: justify;\">Dos ca\u00f1as est\u00e1n erguidas enfrentando al r\u00edo en Mart\u00ednez. Por el momento parecen hu\u00e9rfanas, sin que nadie vigile qu\u00e9 pasa con la tanza<img loading=\"lazy\" decoding=\"async\" class=\"alignright size-medium wp-image-765\" title=\"Ca\u00f1a\" src=\"http:\/\/www.letrasdesatendidas.com.ar\/wp-content\/uploads\/2014\/03\/1-4-199x300.jpg\" alt=\"\" width=\"199\" height=\"300\" srcset=\"https:\/\/www.letrasdesatendidas.com.ar\/wp-content\/uploads\/2014\/03\/1-4-199x300.jpg 199w, https:\/\/www.letrasdesatendidas.com.ar\/wp-content\/uploads\/2014\/03\/1-4-682x1024.jpg 682w, https:\/\/www.letrasdesatendidas.com.ar\/wp-content\/uploads\/2014\/03\/1-4-630x945.jpg 630w\" sizes=\"auto, (max-width: 199px) 100vw, 199px\" \/> sumergida bajo el agua. De repente, se escucha un sonido similar al de un cascabel, generado por el movimiento de una de ellas. Cada vez se mueve m\u00e1s fuerte, y el tri\u00e1ngulo de metal que est\u00e1 sujeto al cuerpo de la ca\u00f1a, sigue provocando un sonido latoso, que la salva de su orfandad.<\/p>\n<p style=\"text-align: justify;\">Porque con un trote ligero aparece Marcelo. Toma la ca\u00f1a con experiencia, gira la manivela y empieza a asomar un gran pescado por fuera del agua. \u201c\u00bfUn bagre no? \u00a1Todos los d\u00edas viene usted!\u201d, le dice un hombre que pasa por la rambla caminando junto a su mujer.<\/p>\n<p style=\"text-align: justify;\">Marcelo Tomasini naci\u00f3 y fue criado en un pueblo de Entre R\u00edos llamado Hasencam, ubicado en la zona entre Paran\u00e1 y La Paz, que parad\u00f3jicamente se ubica frente al r\u00edo como \u00e9l se encuentra parado ahora. Es una localidad de unos 7 mil habitantes, y con una risa y un movimiento de cabeza confirma el famoso dicho de pueblo chico infierno grande: \u201cS\u00ed, la verdad que se sabe todo\u201d.<\/p>\n<p style=\"text-align: justify;\"><img loading=\"lazy\" decoding=\"async\" class=\"aligncenter size-large wp-image-767\" title=\"Marcelo Tomasini\" src=\"http:\/\/www.letrasdesatendidas.com.ar\/wp-content\/uploads\/2014\/03\/1-6-1024x682.jpg\" alt=\"\" width=\"640\" height=\"426\" srcset=\"https:\/\/www.letrasdesatendidas.com.ar\/wp-content\/uploads\/2014\/03\/1-6-1024x682.jpg 1024w, https:\/\/www.letrasdesatendidas.com.ar\/wp-content\/uploads\/2014\/03\/1-6-300x200.jpg 300w, https:\/\/www.letrasdesatendidas.com.ar\/wp-content\/uploads\/2014\/03\/1-6-630x420.jpg 630w\" sizes=\"auto, (max-width: 640px) 100vw, 640px\" \/>Lo que nadie puede ignorar es que para ser una tarde de verano, el viento sopla demasiado fuerte y fr\u00edo. Mientras una mano tiene fr\u00edo por agarrar la birome, el resto de mi cuerpo se esconde debajo de un poncho que Diego trajo de Per\u00fa. Pero Marcelo no parece notar <img loading=\"lazy\" decoding=\"async\" class=\"alignleft size-medium wp-image-772\" title=\"1 (11)\" src=\"http:\/\/www.letrasdesatendidas.com.ar\/wp-content\/uploads\/2014\/03\/1-11-300x199.jpg\" alt=\"\" width=\"300\" height=\"199\" srcset=\"https:\/\/www.letrasdesatendidas.com.ar\/wp-content\/uploads\/2014\/03\/1-11-300x199.jpg 300w, https:\/\/www.letrasdesatendidas.com.ar\/wp-content\/uploads\/2014\/03\/1-11-1024x682.jpg 1024w, https:\/\/www.letrasdesatendidas.com.ar\/wp-content\/uploads\/2014\/03\/1-11-630x419.jpg 630w\" sizes=\"auto, (max-width: 300px) 100vw, 300px\" \/>que la temperatura es baja: est\u00e1 distra\u00eddo preparando una nueva carnada para volver a salir al ruedo.<\/p>\n<p style=\"text-align: justify;\">\u201c\u00bfC\u00f3mo est\u00e1s? Que Dios te bendiga\u201d, es el saludo que esboza el pescador cuando uno se acerca a \u00e9l. Minutos despu\u00e9s de empezada la charla se entiende la expresi\u00f3n, ya que Marcelo es un gran creyente, y su historia de vida lo fue acercando cada vez m\u00e1s a la\u00a0religi\u00f3n evang\u00e9lica.<\/p>\n<p style=\"text-align: justify;\"><strong>\u201cTambi\u00e9n soy pescador de hombres\u201d<\/strong>, declara con orgullo mientras vuelve a tirar la ca\u00f1a al r\u00edo. Desde hace 12 a\u00f1os es misionero en el Chaco donde comparte d\u00edas con los<img loading=\"lazy\" decoding=\"async\" class=\"alignright size-medium wp-image-768\" title=\"Marcelo Tomasini\" src=\"http:\/\/www.letrasdesatendidas.com.ar\/wp-content\/uploads\/2014\/03\/1-7-199x300.jpg\" alt=\"\" width=\"199\" height=\"300\" srcset=\"https:\/\/www.letrasdesatendidas.com.ar\/wp-content\/uploads\/2014\/03\/1-7-199x300.jpg 199w, https:\/\/www.letrasdesatendidas.com.ar\/wp-content\/uploads\/2014\/03\/1-7-682x1024.jpg 682w, https:\/\/www.letrasdesatendidas.com.ar\/wp-content\/uploads\/2014\/03\/1-7-630x945.jpg 630w\" sizes=\"auto, (max-width: 199px) 100vw, 199px\" \/> Tobas haciendo trabajo social y espiritual. Dedica un par de minutos para explicar cu\u00e1les son las tareas que hacen all\u00e1, y despu\u00e9s de pensar unos segundos resume con sencillez: <strong>\u201cEn realidad solamente voy a llevarles la buena noticia de que hay alguien que los ama\u201d<\/strong>.<\/p>\n<p style=\"text-align: justify;\">La familia constituye un pilar muy grande en la vida de Marcelo. \u201cCuando era chico \u00e9ramos 18 en mi casa, porque viv\u00edamos con t\u00edos, abuelos\u2026\u201d, recuerda con una mirada m\u00e1s alegre que melanc\u00f3lica. \u00c9l es el quinto de siete hermanos, y celebra su v\u00ednculo al decir: \u201cTodos seguimos vivos, y nos juntamos todos los a\u00f1os all\u00e1 en Entre R\u00edos a comer una vaquillona con cuero\u201d.<\/p>\n<p style=\"text-align: justify;\">\u201cAprendizaje\u201d es la palabra que usa Marcelo para describir los 7 meses que hizo de servicio militar cuando ten\u00eda 21 a\u00f1os. Al poco tiempo decidi\u00f3 mudarse a Buenos Aires, y recuerda que \u201cfue un cambio muy brusco\u201d. Un d\u00eda andaba por la gran ciudad vestido de gaucho, se subi\u00f3 al rev\u00e9s a una escalera mec\u00e1nica, y su bombacha de campo empez\u00f3 a engancharse en la m\u00e1quina. Recuerda que la gente se re\u00eda, pero dentro del tumulto Marcelo rescata que alguien se acerc\u00f3 a explicarle que estaba en el sentido contrario.<img loading=\"lazy\" decoding=\"async\" class=\"aligncenter size-large wp-image-773\" title=\"Marcelo Tomasini\" src=\"http:\/\/www.letrasdesatendidas.com.ar\/wp-content\/uploads\/2014\/03\/1-12-1024x682.jpg\" alt=\"\" width=\"640\" height=\"426\" srcset=\"https:\/\/www.letrasdesatendidas.com.ar\/wp-content\/uploads\/2014\/03\/1-12-1024x682.jpg 1024w, https:\/\/www.letrasdesatendidas.com.ar\/wp-content\/uploads\/2014\/03\/1-12-300x199.jpg 300w, https:\/\/www.letrasdesatendidas.com.ar\/wp-content\/uploads\/2014\/03\/1-12-630x419.jpg 630w\" sizes=\"auto, (max-width: 640px) 100vw, 640px\" \/><\/p>\n<p style=\"text-align: justify;\">Entre an\u00e9cdotas se escucha el ruido del agua de fondo. Hay quienes pasan en bicicleta acompa\u00f1ados por alguien o simplemente por su m\u00fasica. La tarde va cayendo en Paran\u00e1 y el R\u00edo, uno de esos lugares en que por su paz parece un domingo eterno sin corridas ni horarios.<img loading=\"lazy\" decoding=\"async\" class=\"alignleft size-medium wp-image-762\" title=\"Marcelo Tomasini\" src=\"http:\/\/www.letrasdesatendidas.com.ar\/wp-content\/uploads\/2014\/03\/1-1-199x300.jpg\" alt=\"\" width=\"199\" height=\"300\" srcset=\"https:\/\/www.letrasdesatendidas.com.ar\/wp-content\/uploads\/2014\/03\/1-1-199x300.jpg 199w, https:\/\/www.letrasdesatendidas.com.ar\/wp-content\/uploads\/2014\/03\/1-1-682x1024.jpg 682w, https:\/\/www.letrasdesatendidas.com.ar\/wp-content\/uploads\/2014\/03\/1-1-630x945.jpg 630w\" sizes=\"auto, (max-width: 199px) 100vw, 199px\" \/><\/p>\n<p style=\"text-align: justify;\"><strong>\u201cSiempre me gust\u00f3 llamar la atenci\u00f3n, siempre me gust\u00f3 marcar la diferencia\u201d<\/strong>, asegura Marcelo. \u201cTengo ansias de superaci\u00f3n, como se dice en psicolog\u00eda\u201d, agrega, y cuenta que es tal vez por eso que empez\u00f3 un camino de b\u00fasqueda de protagonismo ante un p\u00fablico. \u00bfC\u00f3mo? Siendo payaso, una veta art\u00edstica que descubri\u00f3 a sus 24 a\u00f1os en la Sociedad de Cultura de River Plate.<\/p>\n<p style=\"text-align: justify;\">Ante nuestras caras de desconcierto por esta nueva faceta que el pescador sac\u00f3 a la luz, Marcelo dice con una sonrisa: \u201c\u00a1Pero si yo tengo historias para escribir un libro, hasta fui arquero de Patronato!\u201d.<\/p>\n<p style=\"text-align: justify;\">El bagre que Marcelo sac\u00f3 hace unos minutos sigue movi\u00e9ndose en el piso, haciendo un \u00faltimo<img loading=\"lazy\" decoding=\"async\" class=\"alignright size-medium wp-image-761\" title=\"Bagre\" src=\"http:\/\/www.letrasdesatendidas.com.ar\/wp-content\/uploads\/2014\/03\/1-13-200x300.jpg\" alt=\"\" width=\"200\" height=\"300\" srcset=\"https:\/\/www.letrasdesatendidas.com.ar\/wp-content\/uploads\/2014\/03\/1-13-200x300.jpg 200w, https:\/\/www.letrasdesatendidas.com.ar\/wp-content\/uploads\/2014\/03\/1-13-682x1024.jpg 682w, https:\/\/www.letrasdesatendidas.com.ar\/wp-content\/uploads\/2014\/03\/1-13-630x945.jpg 630w\" sizes=\"auto, (max-width: 200px) 100vw, 200px\" \/> esfuerzo por seguir respirando. Es la mayor atracci\u00f3n para todos los ni\u00f1os que pasan por la rambla acompa\u00f1ados por sus padres, que se\u00f1alan al animal con asombro y dedican unos varios minutos arrodillados a ver sus movimientos.<\/p>\n<p style=\"text-align: justify;\">\u201c\u00bfGusta un caf\u00e9 se\u00f1or?\u201d, fue la primera frase que Marcelo escuch\u00f3 de quien hoy es su mujer. Corr\u00eda el a\u00f1o 1978, y Mirta Susana era promotora de Dolca en el Mundial. \u00c9l asegura que fue amor a primera vista, y dice: \u201cMe acerqu\u00e9 a ella y vi a una persona diferente\u2026 viste cuando todav\u00eda no le dijiste ni hola y ya sent\u00eds que es ella\u201d.<\/p>\n<p style=\"text-align: justify;\">Recuerda que ella no le daba \u201cpelota\u201d, pero que \u00e9l con convicci\u00f3n le asegur\u00f3: \u201cYo te quiero mucho, as\u00ed que vos me vas a terminar queriendo\u201d. Parece estar contento al ver que esa expresi\u00f3n nos hace re\u00edr mucho, y agrega: <strong>\u201cY bueno, hombre sin coraje no goza mujer bonita\u201d<\/strong>.<\/p>\n<p style=\"text-align: justify;\">Marcelo tuvo raz\u00f3n. \u00c9l la quer\u00eda tanto que la historia de amor naci\u00f3 y creci\u00f3 a pasos vertiginosos. En seguida se pusieron de novios, a los 6 meses se comprometieron y se fueron a vivir juntos a un departamento en Florida. \u201cEra la \u00e9poca del Austral, as\u00ed que termin\u00e9 pagando la cuota como si fuera un atado de cigarrillos\u201d, recuerda de la compra de su hogar.<img loading=\"lazy\" decoding=\"async\" class=\"alignleft size-medium wp-image-769\" title=\"Marcelo Tomasini\" src=\"http:\/\/www.letrasdesatendidas.com.ar\/wp-content\/uploads\/2014\/03\/1-8-199x300.jpg\" alt=\"\" width=\"199\" height=\"300\" srcset=\"https:\/\/www.letrasdesatendidas.com.ar\/wp-content\/uploads\/2014\/03\/1-8-199x300.jpg 199w, https:\/\/www.letrasdesatendidas.com.ar\/wp-content\/uploads\/2014\/03\/1-8-682x1024.jpg 682w, https:\/\/www.letrasdesatendidas.com.ar\/wp-content\/uploads\/2014\/03\/1-8-630x945.jpg 630w\" sizes=\"auto, (max-width: 199px) 100vw, 199px\" \/><\/p>\n<p style=\"text-align: justify;\">Al a\u00f1o y medio Mirta Susana se qued\u00f3 embarazada, pero sus ataques de epilepsia empezaron a te\u00f1ir de gris lo que era una historia de amor con m\u00e1s altos que bajos. Su hijo naci\u00f3 a pesar de la enfermedad de su madre, pero la vida ten\u00eda preparado otro gui\u00f1o para ellos.<\/p>\n<p style=\"text-align: justify;\">Cuando el chico ten\u00eda dos y a\u00f1os y cuatro meses muri\u00f3 fruto de la explosi\u00f3n de un calef\u00f3n en su casa. Fiel creyente, Marcelo asegura que no se enoj\u00f3 con Dios:<strong> \u201cEmpec\u00e9 a pensar que las cosas en vez de tener un por qu\u00e9, tienen un para qu\u00e9\u201d<\/strong>, dice con una mirada sabia. Despu\u00e9s del hecho su mujer entr\u00f3 en depresi\u00f3n y comenz\u00f3 a tener una cadena de ataques epil\u00e9pticos que la dejaron internada en coma.<\/p>\n<p style=\"text-align: justify;\">El panorama de los m\u00e9dicos era negro. En ese momento, Marcelo record\u00f3 la frase: \u201cBusc\u00e1 el Reino de Dios y todo lo dem\u00e1s vendr\u00e1 por a\u00f1adidura\u201d, y decidi\u00f3 cambiar la raz\u00f3n por fe. El m\u00e9dico le dijo que si la sacaba del hospital estaba loco, pero \u00e9l le respondi\u00f3: \u201c\u00bfLoco? \u00a1Si igual usted me est\u00e1 diciendo que va a morir!\u201d. Mirta Susana fue sacada del hospital, y los partes m\u00e9dicos se cambiaron por oraciones\u2026<img loading=\"lazy\" decoding=\"async\" class=\"aligncenter size-large wp-image-770\" title=\"Marcelo Tomasini\" src=\"http:\/\/www.letrasdesatendidas.com.ar\/wp-content\/uploads\/2014\/03\/1-9-1024x682.jpg\" alt=\"\" width=\"640\" height=\"426\" srcset=\"https:\/\/www.letrasdesatendidas.com.ar\/wp-content\/uploads\/2014\/03\/1-9-1024x682.jpg 1024w, https:\/\/www.letrasdesatendidas.com.ar\/wp-content\/uploads\/2014\/03\/1-9-300x199.jpg 300w, https:\/\/www.letrasdesatendidas.com.ar\/wp-content\/uploads\/2014\/03\/1-9-630x419.jpg 630w\" sizes=\"auto, (max-width: 640px) 100vw, 640px\" \/><\/p>\n<p style=\"text-align: justify;\">Hoy llevan m\u00e1s de 30 a\u00f1os juntos, y son padres de tres hijos que a juzgar por los ojos emocionados de Marcelo lo hacen muy feliz. <img loading=\"lazy\" decoding=\"async\" class=\"alignleft size-medium wp-image-771\" title=\"Ca\u00f1a\" src=\"http:\/\/www.letrasdesatendidas.com.ar\/wp-content\/uploads\/2014\/03\/1-10-199x300.jpg\" alt=\"\" width=\"199\" height=\"300\" srcset=\"https:\/\/www.letrasdesatendidas.com.ar\/wp-content\/uploads\/2014\/03\/1-10-199x300.jpg 199w, https:\/\/www.letrasdesatendidas.com.ar\/wp-content\/uploads\/2014\/03\/1-10-682x1024.jpg 682w, https:\/\/www.letrasdesatendidas.com.ar\/wp-content\/uploads\/2014\/03\/1-10-630x945.jpg 630w\" sizes=\"auto, (max-width: 199px) 100vw, 199px\" \/>Viven todos juntos en Mart\u00ednez, y mientras Mirta Susana atiende una Feria Americana Vip frente a la estaci\u00f3n de trenes, Marcelo se gana la vida siendo podador estilista de \u00e1rboles.<\/p>\n<p style=\"text-align: justify;\">Lo que pesca a veces lo regala a alg\u00fan vecino, o tambi\u00e9n suele cocinarlo. Ni bien nos acercamos al tema gourmet comienza a enumerar una lista de recetas que sabe hacer al mejor estilo Bubba Gump: \u201cEmpanadas de pescado, dorado a la pizza\u2026\u201d. Siempre le gust\u00f3 pescar, pero cuenta que su vocaci\u00f3n se acentu\u00f3 cuando leyendo la Biblia se encontr\u00f3 con la figura de San Pedro pescador: <strong>\u201cCuando vos te sent\u00eds identificado con algo lo quer\u00e9s llevar a m\u00e1s\u201d<\/strong>, sostiene y agrega: \u201cYo le dir\u00eda a la gente que se acerque m\u00e1s a Dios\u201d.<\/p>\n<p style=\"text-align: justify;\">Cae la tarde, y antes de irnos Marcelo nos hace una confesi\u00f3n. Esa tarde ten\u00eda dos trabajos de poda, pero algo le dijo que ten\u00eda que ir a pescar, con lo cual cancel\u00f3. Ese \u201calgo\u201d result\u00f3 ser el encuentro y compartida de vida que tuvo con nosotros. As\u00ed, nos vuelve a dar una lecci\u00f3n, y refuerza que las cosas no tienen un por qu\u00e9, sino un para qu\u00e9.<\/p>\n<p><div class=\"video\"><div class=\"video-wrapper\"><iframe loading=\"lazy\" src=\"\/\/www.youtube.com\/embed\/3uz3OPopoZE?rel=0\" width=\"640\" height=\"480\" frameborder=\"0\" allowfullscreen=\"allowfullscreen\"><\/iframe><\/div><\/div><br \/>\n<a class=\"twitter-share-button\" href=\"https:\/\/twitter.com\/share\" data-url=\"http:\/\/www.letrasdesatendidas.com.ar\/?portfolio=las-cosas-en-vez-de-tener-un-por-que-tienen-un-para-que\" data-via=\"LetrasDes\">Tweet<\/a><br \/>\n<script>\/\/ <![CDATA[\n!function(d,s,id){var js,fjs=d.getElementsByTagName(s)[0],p=\/^http:\/.test(d.location)?'http':'https';if(!d.getElementById(id)){js=d.createElement(s);js.id=id;js.src=p+':\/\/platform.twitter.com\/widgets.js';fjs.parentNode.insertBefore(js,fjs);}}(document, 'script', 'twitter-wjs');\n\/\/ ]]><\/script><\/p>\n","protected":false},"excerpt":{"rendered":"<p>Tweet Marcelo Tomasini Paran\u00e1 y el R\u00edo, Mart\u00ednez Dos ca\u00f1as est\u00e1n erguidas enfrentando al r\u00edo en Mart\u00ednez. Por el momento parecen hu\u00e9rfanas, sin que nadie vigile qu\u00e9 pasa con la tanza sumergida bajo el agua. De repente, se escucha un sonido similar al de un cascabel, generado por el movimiento de una de ellas. Cada [&hellip;]<\/p>\n","protected":false},"author":1,"featured_media":763,"comment_status":"open","ping_status":"open","sticky":false,"template":"","format":"standard","meta":{"footnotes":""},"categories":[1],"tags":[],"class_list":["post-775","post","type-post","status-publish","format-standard","has-post-thumbnail","hentry","category-sin-categoria"],"_links":{"self":[{"href":"https:\/\/www.letrasdesatendidas.com.ar\/index.php?rest_route=\/wp\/v2\/posts\/775","targetHints":{"allow":["GET"]}}],"collection":[{"href":"https:\/\/www.letrasdesatendidas.com.ar\/index.php?rest_route=\/wp\/v2\/posts"}],"about":[{"href":"https:\/\/www.letrasdesatendidas.com.ar\/index.php?rest_route=\/wp\/v2\/types\/post"}],"author":[{"embeddable":true,"href":"https:\/\/www.letrasdesatendidas.com.ar\/index.php?rest_route=\/wp\/v2\/users\/1"}],"replies":[{"embeddable":true,"href":"https:\/\/www.letrasdesatendidas.com.ar\/index.php?rest_route=%2Fwp%2Fv2%2Fcomments&post=775"}],"version-history":[{"count":4,"href":"https:\/\/www.letrasdesatendidas.com.ar\/index.php?rest_route=\/wp\/v2\/posts\/775\/revisions"}],"predecessor-version":[{"id":1112,"href":"https:\/\/www.letrasdesatendidas.com.ar\/index.php?rest_route=\/wp\/v2\/posts\/775\/revisions\/1112"}],"wp:featuredmedia":[{"embeddable":true,"href":"https:\/\/www.letrasdesatendidas.com.ar\/index.php?rest_route=\/wp\/v2\/media\/763"}],"wp:attachment":[{"href":"https:\/\/www.letrasdesatendidas.com.ar\/index.php?rest_route=%2Fwp%2Fv2%2Fmedia&parent=775"}],"wp:term":[{"taxonomy":"category","embeddable":true,"href":"https:\/\/www.letrasdesatendidas.com.ar\/index.php?rest_route=%2Fwp%2Fv2%2Fcategories&post=775"},{"taxonomy":"post_tag","embeddable":true,"href":"https:\/\/www.letrasdesatendidas.com.ar\/index.php?rest_route=%2Fwp%2Fv2%2Ftags&post=775"}],"curies":[{"name":"wp","href":"https:\/\/api.w.org\/{rel}","templated":true}]}}